{"id":28282,"date":"2026-08-31T00:01:31","date_gmt":"2026-08-30T22:01:31","guid":{"rendered":"http:\/\/zupnija-lendava.si\/az-aktualis-het-esemenyei-2020-december-28-es-2021-januar-3-kozott\/"},"modified":"2026-08-31T07:47:48","modified_gmt":"2026-08-31T05:47:48","slug":"az-aktualis-het-esemenyei","status":"publish","type":"post","link":"https:\/\/zupnija-lendava.si\/hu\/az-aktualis-het-esemenyei\/","title":{"rendered":"AZ AKTU\u00c1LIS H\u00c9T ESEM\u00c9NYEI (2026. augusztus 31-t\u0151l szeptember 6-ig)"},"content":{"rendered":"<p>Cs\u00fct\u00f6rt\u00f6k\u00f6n az esti szentmise ut\u00e1n lesz a pl\u00e9b\u00e1niai pasztor\u00e1lis tan\u00e1cs tal\u00e1lkoz\u00f3ja. A tagoknak k\u00fcldt\u00fcnk megh\u00edv\u00f3t.<\/p>\n<p>Minden p\u00e9nteken az esti szentmise el\u0151tt egy \u00f3r\u00e1val szents\u00e9gim\u00e1d\u00e1sra v\u00e1runk benneteket. Ez id\u0151 alatt szentgy\u00f3n\u00e1sra \u00e9s szem\u00e9lyes lelki besz\u00e9lget\u00e9sre is lehet\u0151s\u00e9g ny\u00edlik.<\/p>\n<p>J\u00f6v\u0151 vas\u00e1rnap <strong>ANGYALOK VAS\u00c1RNAPJA.<\/strong><br \/>\nReggel 8 \u00f3rakor magyar nyelv\u0171 szentmise lesz. B\u00facs\u00fa lesz a SZENTH\u00c1ROMS\u00c1G-K\u00c1POLN\u00c1N\u00c1L LENDVAHEGYEN, ahol 9.30-kor kezd\u0151dik a szentmise, valamint CSENT\u00c9BEN, ahol 11.30-kor kezd\u0151dik a szentmise.<\/p>\n<hr \/>\n<p><a href=\"https:\/\/zupnija-lendava.si\/hu\/hirdetesek-szentmisek\/\">T\u00f6bb inform\u00e1ci\u00f3 a Hirdet\u00e9sek oldalon tal\u00e1lhat\u00f3.<\/a><\/p>\n","protected":false},"excerpt":{"rendered":"<p>Cs\u00fct\u00f6rt\u00f6k\u00f6n az esti szentmise ut\u00e1n lesz a pl\u00e9b\u00e1niai pasztor\u00e1lis tan\u00e1cs tal\u00e1lkoz\u00f3ja. A tagoknak k\u00fcldt\u00fcnk megh\u00edv\u00f3t. Minden p\u00e9nteken az esti szentmise el\u0151tt egy \u00f3r\u00e1val szents\u00e9gim\u00e1d\u00e1sra v\u00e1runk benneteket. Ez id\u0151 alatt szentgy\u00f3n\u00e1sra \u00e9s szem\u00e9lyes lelki besz\u00e9lget\u00e9sre is lehet\u0151s\u00e9g ny\u00edlik. J\u00f6v\u0151 vas\u00e1rnap ANGYALOK &hellip; <a href=\"https:\/\/zupnija-lendava.si\/hu\/az-aktualis-het-esemenyei\/\"><span class=\"meta-nav\">Tov\u00e1bb \u2192<\/span><\/a><\/p>\n","protected":false},"author":3,"featured_media":29967,"comment_status":"closed","ping_status":"closed","sticky":false,"template":"","format":"standard","meta":{"footnotes":""},"categories":[15],"tags":[],"class_list":["post-28282","post","type-post","status-publish","format-standard","has-post-thumbnail","hentry","category-hirek-es-esemenyek"],"_links":{"self":[{"href":"https:\/\/zupnija-lendava.si\/hu\/wp-json\/wp\/v2\/posts\/28282","targetHints":{"allow":["GET"]}}],"collection":[{"href":"https:\/\/zupnija-lendava.si\/hu\/wp-json\/wp\/v2\/posts"}],"about":[{"href":"https:\/\/zupnija-lendava.si\/hu\/wp-json\/wp\/v2\/types\/post"}],"author":[{"embeddable":true,"href":"https:\/\/zupnija-lendava.si\/hu\/wp-json\/wp\/v2\/users\/3"}],"replies":[{"embeddable":true,"href":"https:\/\/zupnija-lendava.si\/hu\/wp-json\/wp\/v2\/comments?post=28282"}],"version-history":[{"count":2,"href":"https:\/\/zupnija-lendava.si\/hu\/wp-json\/wp\/v2\/posts\/28282\/revisions"}],"predecessor-version":[{"id":73057,"href":"https:\/\/zupnija-lendava.si\/hu\/wp-json\/wp\/v2\/posts\/28282\/revisions\/73057"}],"wp:featuredmedia":[{"embeddable":true,"href":"https:\/\/zupnija-lendava.si\/hu\/wp-json\/wp\/v2\/media\/29967"}],"wp:attachment":[{"href":"https:\/\/zupnija-lendava.si\/hu\/wp-json\/wp\/v2\/media?parent=28282"}],"wp:term":[{"taxonomy":"category","embeddable":true,"href":"https:\/\/zupnija-lendava.si\/hu\/wp-json\/wp\/v2\/categories?post=28282"},{"taxonomy":"post_tag","embeddable":true,"href":"https:\/\/zupnija-lendava.si\/hu\/wp-json\/wp\/v2\/tags?post=28282"}],"curies":[{"name":"wp","href":"https:\/\/api.w.org\/{rel}","templated":true}]}}